{"id":5125,"date":"2024-07-06T16:03:23","date_gmt":"2024-07-06T14:03:23","guid":{"rendered":"https:\/\/travelandeatpasta.com\/?p=5125"},"modified":"2024-12-12T21:56:58","modified_gmt":"2024-12-12T20:56:58","slug":"matera-6-powodow-dla-ktorych-warto-odwiedzic-skalne-miasto-na-poludniu-wloch-najwazniejsze-atrakcje-i-punkty-widokowe","status":"publish","type":"post","link":"https:\/\/travelandeatpasta.com\/en\/matera-6-powodow-dla-ktorych-warto-odwiedzic-skalne-miasto-na-poludniu-wloch-najwazniejsze-atrakcje-i-punkty-widokowe\/","title":{"rendered":"Matera: 6 powod\u00f3w dla kt\u00f3rych warto odwiedzi\u0107 skalne miasto na po\u0142udniu W\u0142och. Najwa\u017cniejsze atrakcje i punkty widokowe"},"content":{"rendered":"\t\t<div data-elementor-type=\"wp-post\" data-elementor-id=\"5125\" class=\"elementor elementor-5125\" data-elementor-post-type=\"post\">\n\t\t\t\t<div class=\"elementor-element elementor-element-1df5a455 e-con-full custom-content-blog e-flex qodef-container-heights--disabled e-con e-parent\" data-id=\"1df5a455\" data-element_type=\"container\" data-e-type=\"container\">\n\t\t<div class=\"elementor-element elementor-element-4f8075c0 e-con-full e-flex qodef-container-heights--disabled e-con e-child\" data-id=\"4f8075c0\" data-element_type=\"container\" data-e-type=\"container\">\n\t\t\t\t<div class=\"elementor-element elementor-element-26a4b72 elementor-widget elementor-widget-text-editor\" data-id=\"26a4b72\" data-element_type=\"widget\" data-e-type=\"widget\" data-widget_type=\"text-editor.default\">\n\t\t\t\t<div class=\"elementor-widget-container\">\n\t\t\t\t\t\t\t\t\t<p>Matera to bez w\u0105tpienia ikoniczne miejsce i jedyne w swoim rodzaju. W tym wpisie znajdziesz <strong>6 powod\u00f3w, dla kt\u00f3rych warto odwiedzi\u0107 to niezwyk\u0142e skalne miasto<\/strong>. Je\u015bli jeste\u015bcie w pobli\u017cu Bari to zdecydowanie polecam przyjecha\u0107 tutaj nawet na jeden dzie\u0144. To niezwyk\u0142e miejsce by\u0142o miejscem, kt\u00f3re zachwyci\u0142o niejednego re\u017cysera, a w 1993 roku zosta\u0142o wpisane na List\u0119 \u015awiatowego Dziedzictwa <strong>UNESCO<\/strong>.<\/p>\t\t\t\t\t\t\t\t<\/div>\n\t\t\t\t<\/div>\n\t\t\t\t<div class=\"elementor-element elementor-element-93f583f elementor-widget elementor-widget-image\" data-id=\"93f583f\" data-element_type=\"widget\" data-e-type=\"widget\" data-widget_type=\"image.default\">\n\t\t\t\t<div class=\"elementor-widget-container\">\n\t\t\t\t\t\t\t\t\t\t\t\t\t\t\t<img fetchpriority=\"high\" decoding=\"async\" width=\"2560\" height=\"1707\" src=\"https:\/\/travelandeatpasta.com\/wp-content\/uploads\/2023\/10\/DSC05460-scaled.jpg\" class=\"attachment-full size-full wp-image-4783\" alt=\"\" srcset=\"https:\/\/travelandeatpasta.com\/wp-content\/uploads\/2023\/10\/DSC05460-scaled.jpg 2560w, https:\/\/travelandeatpasta.com\/wp-content\/uploads\/2023\/10\/DSC05460-300x200.jpg 300w, https:\/\/travelandeatpasta.com\/wp-content\/uploads\/2023\/10\/DSC05460-1024x683.jpg 1024w, https:\/\/travelandeatpasta.com\/wp-content\/uploads\/2023\/10\/DSC05460-768x512.jpg 768w, https:\/\/travelandeatpasta.com\/wp-content\/uploads\/2023\/10\/DSC05460-1536x1024.jpg 1536w, https:\/\/travelandeatpasta.com\/wp-content\/uploads\/2023\/10\/DSC05460-2048x1365.jpg 2048w\" sizes=\"(max-width: 2560px) 100vw, 2560px\" \/>\t\t\t\t\t\t\t\t\t\t\t\t\t\t\t<\/div>\n\t\t\t\t<\/div>\n\t\t\t\t<div class=\"elementor-element elementor-element-33cc420 elementor-widget elementor-widget-text-editor\" data-id=\"33cc420\" data-element_type=\"widget\" data-e-type=\"widget\" data-widget_type=\"text-editor.default\">\n\t\t\t\t<div class=\"elementor-widget-container\">\n\t\t\t\t\t\t\t\t\t<p>Jednak um\u00f3wmy si\u0119 \u2013 tak naprawd\u0119 o samej Materze mo\u017cna wyda\u0107 osobny przewodnik. Jest tutaj kumulacja ogromnej ilo\u015bci zabytk\u00f3w, ko\u015bcio\u0142\u00f3w i miejsc o znaczeniu historycznym. Jednak ten wpis nie ma charakteru przewodnika, ale powsta\u0142, by\u00a0<strong>zainspirowa\u0107<\/strong>\u00a0Ci\u0119 do odwiedzenia tego miejsca.<\/p>\t\t\t\t\t\t\t\t<\/div>\n\t\t\t\t<\/div>\n\t\t\t\t<div class=\"elementor-element elementor-element-d8e42c1 elementor-widget elementor-widget-image\" data-id=\"d8e42c1\" data-element_type=\"widget\" data-e-type=\"widget\" data-widget_type=\"image.default\">\n\t\t\t\t<div class=\"elementor-widget-container\">\n\t\t\t\t\t\t\t\t\t\t\t\t\t\t\t<img decoding=\"async\" width=\"2560\" height=\"1707\" src=\"https:\/\/travelandeatpasta.com\/wp-content\/uploads\/2024\/06\/DSC05583-scaled.jpg\" class=\"attachment-full size-full wp-image-4790\" alt=\"\" srcset=\"https:\/\/travelandeatpasta.com\/wp-content\/uploads\/2024\/06\/DSC05583-scaled.jpg 2560w, https:\/\/travelandeatpasta.com\/wp-content\/uploads\/2024\/06\/DSC05583-300x200.jpg 300w, https:\/\/travelandeatpasta.com\/wp-content\/uploads\/2024\/06\/DSC05583-1024x683.jpg 1024w, https:\/\/travelandeatpasta.com\/wp-content\/uploads\/2024\/06\/DSC05583-768x512.jpg 768w, https:\/\/travelandeatpasta.com\/wp-content\/uploads\/2024\/06\/DSC05583-1536x1024.jpg 1536w, https:\/\/travelandeatpasta.com\/wp-content\/uploads\/2024\/06\/DSC05583-2048x1365.jpg 2048w\" sizes=\"(max-width: 2560px) 100vw, 2560px\" \/>\t\t\t\t\t\t\t\t\t\t\t\t\t\t\t<\/div>\n\t\t\t\t<\/div>\n\t\t\t\t<div class=\"elementor-element elementor-element-b6fe9eb elementor-widget elementor-widget-heading\" data-id=\"b6fe9eb\" data-element_type=\"widget\" data-e-type=\"widget\" data-widget_type=\"heading.default\">\n\t\t\t\t<div class=\"elementor-widget-container\">\n\t\t\t\t\t<h2 class=\"elementor-heading-title elementor-size-default\">Historia Matery<\/h2>\t\t\t\t<\/div>\n\t\t\t\t<\/div>\n\t\t\t\t<div class=\"elementor-element elementor-element-d43ef8c elementor-widget elementor-widget-text-editor\" data-id=\"d43ef8c\" data-element_type=\"widget\" data-e-type=\"widget\" data-widget_type=\"text-editor.default\">\n\t\t\t\t<div class=\"elementor-widget-container\">\n\t\t\t\t\t\t\t\t\t<p>Ta kr\u00f3tka historia Matery mo\u017ce Wam pom\u00f3c zrozumie\u0107 jak pewne miejsca mog\u0105 ulec ca\u0142kowitej transformacji w ci\u0105gu zaledwie kilkudziesi\u0119ciu lat.<\/p>\t\t\t\t\t\t\t\t<\/div>\n\t\t\t\t<\/div>\n\t\t\t\t<div class=\"elementor-element elementor-element-578c744 elementor-widget elementor-widget-text-editor\" data-id=\"578c744\" data-element_type=\"widget\" data-e-type=\"widget\" data-widget_type=\"text-editor.default\">\n\t\t\t\t<div class=\"elementor-widget-container\">\n\t\t\t\t\t\t\t\t\t<p>Ciesz\u0119 si\u0119, \u017ce tutaj jeste\u015b! Je\u015bli interesuj\u0105 Ci\u0119 <strong>podr\u00f3\u017ce po Europie i inspiruj\u0105ce miejsca na \u015bwiecie,<\/strong> zapraszam Ci\u0119 do zaobserwowania <strong><a href=\"https:\/\/instagram.com\/travelandeatpasta\">mojego konta na Instagramie<\/a><\/strong>. Dzi\u0119ki temu nie omin\u0105 Ci\u0119 najnowsze wpisy, inspiruj\u0105ce miejsca i relacje z wyjazd\u00f3w.<\/p>\t\t\t\t\t\t\t\t<\/div>\n\t\t\t\t<\/div>\n\t\t\t\t<div class=\"elementor-element elementor-element-c6f63c0 elementor-widget elementor-widget-text-editor\" data-id=\"c6f63c0\" data-element_type=\"widget\" data-e-type=\"widget\" data-widget_type=\"text-editor.default\">\n\t\t\t\t<div class=\"elementor-widget-container\">\n\t\t\t\t\t\t\t\t\t<p>Do niedawna Matera znana by\u0142a raczej jako \u201eHa\u0144ba W\u0142och\u201d ni\u017c ikoniczne miejsce w regionie. Do lat 50 XX wieku mieszka\u0144cy, kt\u00f3rzy zamieszkiwali to miasto, \u017cyli w skrajnej biedzie. Warunki humanitarne by\u0142y na tyle z\u0142e, \u017ce podj\u0119to decyzj\u0119 o przeniesieniu mieszka\u0144c\u00f3w do bardziej nowoczesnej cz\u0119\u015bci miasta. Nie rozwi\u0105za\u0142o to problemu natychmiastowo, poniewa\u017c cz\u0119\u015b\u0107 mieszka\u0144c\u00f3w stara\u0142a si\u0119 wr\u00f3ci\u0107 do swoich dawnych mieszka\u0144.<\/p>\t\t\t\t\t\t\t\t<\/div>\n\t\t\t\t<\/div>\n\t\t\t\t<div class=\"elementor-element elementor-element-27ed9dd elementor-widget elementor-widget-image\" data-id=\"27ed9dd\" data-element_type=\"widget\" data-e-type=\"widget\" data-widget_type=\"image.default\">\n\t\t\t\t<div class=\"elementor-widget-container\">\n\t\t\t\t\t\t\t\t\t\t\t\t\t\t\t<img decoding=\"async\" width=\"2560\" height=\"1707\" src=\"https:\/\/travelandeatpasta.com\/wp-content\/uploads\/2023\/10\/DSC05551-scaled.jpg\" class=\"attachment-full size-full wp-image-4789\" alt=\"\" srcset=\"https:\/\/travelandeatpasta.com\/wp-content\/uploads\/2023\/10\/DSC05551-scaled.jpg 2560w, https:\/\/travelandeatpasta.com\/wp-content\/uploads\/2023\/10\/DSC05551-300x200.jpg 300w, https:\/\/travelandeatpasta.com\/wp-content\/uploads\/2023\/10\/DSC05551-1024x683.jpg 1024w, https:\/\/travelandeatpasta.com\/wp-content\/uploads\/2023\/10\/DSC05551-768x512.jpg 768w, https:\/\/travelandeatpasta.com\/wp-content\/uploads\/2023\/10\/DSC05551-1536x1024.jpg 1536w, https:\/\/travelandeatpasta.com\/wp-content\/uploads\/2023\/10\/DSC05551-2048x1365.jpg 2048w\" sizes=\"(max-width: 2560px) 100vw, 2560px\" \/>\t\t\t\t\t\t\t\t\t\t\t\t\t\t\t<\/div>\n\t\t\t\t<\/div>\n\t\t\t\t<div class=\"elementor-element elementor-element-f0f1e09 elementor-widget elementor-widget-text-editor\" data-id=\"f0f1e09\" data-element_type=\"widget\" data-e-type=\"widget\" data-widget_type=\"text-editor.default\">\n\t\t\t\t<div class=\"elementor-widget-container\">\n\t\t\t\t\t\t\t\t\t<p>Jednak wraz z up\u0142ywem czasu i nap\u0142ywem kapita\u0142u Matera zacz\u0119\u0142a si\u0119 zmienia\u0107. Zacz\u0119to tworzy\u0107 hotele i restauracje, a niekt\u00f3re budynki zosta\u0142y odrestaurowane. Pami\u0119tano jednak o zachowaniu pierwotnej architektury, dzi\u0119ki czemu aktualnie pomimo rozwijaj\u0105cej si\u0119 turystyki miasteczko sprawia wra\u017cenie, jakby up\u0142yw czasu kompletnie go nie dotyczy\u0142.<\/p>\t\t\t\t\t\t\t\t<\/div>\n\t\t\t\t<\/div>\n\t\t\t\t<div class=\"elementor-element elementor-element-de02b37 elementor-widget elementor-widget-heading\" data-id=\"de02b37\" data-element_type=\"widget\" data-e-type=\"widget\" data-widget_type=\"heading.default\">\n\t\t\t\t<div class=\"elementor-widget-container\">\n\t\t\t\t\t<h2 class=\"elementor-heading-title elementor-size-default\">Gdzie le\u017cy Matera?<\/h2>\t\t\t\t<\/div>\n\t\t\t\t<\/div>\n\t\t\t\t<div class=\"elementor-element elementor-element-9cc7e12 elementor-widget elementor-widget-text-editor\" data-id=\"9cc7e12\" data-element_type=\"widget\" data-e-type=\"widget\" data-widget_type=\"text-editor.default\">\n\t\t\t\t<div class=\"elementor-widget-container\">\n\t\t\t\t\t\t\t\t\t<p>Chocia\u017c ten wpis jest cz\u0119\u015bci\u0105 przewodnika o Apulii to trzeba podkre\u015bli\u0107, \u017ce Matera nie le\u017cy w regionie Apulii, jest po\u0142o\u017cona jest w regionie Basilicata w po\u0142udniowej cz\u0119\u015bci W\u0142och. Region ten charakteryzuje si\u0119 pag\u00f3rkowatym krajobrazem, licznymi wzg\u00f3rzami i charakterystycznymi formacjami skalnymi.<\/p>\n<p>Malownicze otoczenie tworzy wr\u0119cz idealny krajobraz dla s\u0142ynnego Sassi di Matera, czyli miasta wykutego w skale.<\/p>\t\t\t\t\t\t\t\t<\/div>\n\t\t\t\t<\/div>\n\t\t\t\t<div class=\"elementor-element elementor-element-5875fe6 elementor-widget elementor-widget-text-editor\" data-id=\"5875fe6\" data-element_type=\"widget\" data-e-type=\"widget\" data-widget_type=\"text-editor.default\">\n\t\t\t\t<div class=\"elementor-widget-container\">\n\t\t\t\t\t\t\t\t\t<p>Co ciekawe, nie dajcie si\u0119 zwie\u015b\u0107 zdj\u0119ciom w Internecie. Je\u015bli kojarzysz Mater\u0119 z pi\u0119knych zdj\u0119\u0107 na Instagramie, mo\u017ce Ci si\u0119 wydawa\u0107, \u017ce to miasto po\u0142o\u017cone na szczycie wzg\u00f3rza. Nic bardziej mylnego. Nie zapomn\u0119 tego, gdy jad\u0105c z Monopoli do Matery pr\u00f3bowa\u0142am wypatrzy\u0107 z daleka charakterystyczne budynki. Nic z tego! To jak zaprezentowa\u0142a si\u0119 Matera by\u0142o dla mnie najwi\u0119kszym zaskoczeniem tego wyjazdu i zaraz przekonacie si\u0119 dlaczego.<\/p>\t\t\t\t\t\t\t\t<\/div>\n\t\t\t\t<\/div>\n\t\t\t\t<div class=\"elementor-element elementor-element-5d512a4 elementor-widget elementor-widget-heading\" data-id=\"5d512a4\" data-element_type=\"widget\" data-e-type=\"widget\" data-widget_type=\"heading.default\">\n\t\t\t\t<div class=\"elementor-widget-container\">\n\t\t\t\t\t<h2 class=\"elementor-heading-title elementor-size-default\">Jak dojecha\u0107 do Matery<\/h2>\t\t\t\t<\/div>\n\t\t\t\t<\/div>\n\t\t\t\t<div class=\"elementor-element elementor-element-6c70425 elementor-widget elementor-widget-text-editor\" data-id=\"6c70425\" data-element_type=\"widget\" data-e-type=\"widget\" data-widget_type=\"text-editor.default\">\n\t\t\t\t<div class=\"elementor-widget-container\">\n\t\t\t\t\t\t\t\t\t<p>Matera znajduje si\u0119 oko\u0142o 87 kilometr\u00f3w od Monopoli i oko\u0142o 64 kilometr\u00f3w od lotniska w Bari.<\/p>\n<p><b>Oto trzy najpopularniejsze sposoby dojazdu do Matery:<\/b><\/p>\t\t\t\t\t\t\t\t<\/div>\n\t\t\t\t<\/div>\n\t\t\t\t<div class=\"elementor-element elementor-element-1fc1f44 elementor-widget elementor-widget-heading\" data-id=\"1fc1f44\" data-element_type=\"widget\" data-e-type=\"widget\" data-widget_type=\"heading.default\">\n\t\t\t\t<div class=\"elementor-widget-container\">\n\t\t\t\t\t<h2 class=\"elementor-heading-title elementor-size-default\">Samoch\u00f3d<\/h2>\t\t\t\t<\/div>\n\t\t\t\t<\/div>\n\t\t\t\t<div class=\"elementor-element elementor-element-a7f550b elementor-widget elementor-widget-text-editor\" data-id=\"a7f550b\" data-element_type=\"widget\" data-e-type=\"widget\" data-widget_type=\"text-editor.default\">\n\t\t\t\t<div class=\"elementor-widget-container\">\n\t\t\t\t\t\t\t\t\t<p>Samoch\u00f3d to by\u0142a dla nas najwygodniejsza opcja i tak w\u0142a\u015bnie dotarli\u015bmy do Matery. Pami\u0119tajcie jednak, \u017ce nawet je\u015bli nawigacja pokazuje wam 60-80 kilometr\u00f3w to sama droga mo\u017ce zaj\u0105\u0107 troch\u0119 wi\u0119cej czasu ni\u017c zazwyczaj. Jednak bardzo mi\u0142o wspominam podr\u00f3\u017c i oby\u0142o si\u0119 bez komplikacji.<\/p>\t\t\t\t\t\t\t\t<\/div>\n\t\t\t\t<\/div>\n\t\t\t\t<div class=\"elementor-element elementor-element-258d86e elementor-widget elementor-widget-text-editor\" data-id=\"258d86e\" data-element_type=\"widget\" data-e-type=\"widget\" data-widget_type=\"text-editor.default\">\n\t\t\t\t<div class=\"elementor-widget-container\">\n\t\t\t\t\t\t\t\t\t<p>Mo\u017ce za wyj\u0105tkiem jednej sytuacji \u2013 jad\u0105c samochodem, przy drodze zauwa\u017cyli\u015bmy pal\u0105c\u0105 si\u0119 traw\u0119. Zawiadomili\u015bmy stra\u017c po\u017carn\u0105, kt\u00f3ra jednak uspokoi\u0142a nas, \u017ce tak si\u0119 zdarza! W ka\u017cdym razie my zrobili\u015bmy, co to mogli\u015bmy:)<\/p>\t\t\t\t\t\t\t\t<\/div>\n\t\t\t\t<\/div>\n\t\t\t\t<div class=\"elementor-element elementor-element-1122e4b elementor-widget elementor-widget-heading\" data-id=\"1122e4b\" data-element_type=\"widget\" data-e-type=\"widget\" data-widget_type=\"heading.default\">\n\t\t\t\t<div class=\"elementor-widget-container\">\n\t\t\t\t\t<h2 class=\"elementor-heading-title elementor-size-default\">Poci\u0105g do Matery<\/h2>\t\t\t\t<\/div>\n\t\t\t\t<\/div>\n\t\t\t\t<div class=\"elementor-element elementor-element-0a620db elementor-widget elementor-widget-text-editor\" data-id=\"0a620db\" data-element_type=\"widget\" data-e-type=\"widget\" data-widget_type=\"text-editor.default\">\n\t\t\t\t<div class=\"elementor-widget-container\">\n\t\t\t\t\t\t\t\t\t<p>Pomi\u0119dzy Bari a Mater\u0105 je\u017cd\u017c\u0105 poci\u0105gi i jest to bardzo wygodna opcja dostania si\u0119 do tych miejsc.<\/p>\t\t\t\t\t\t\t\t<\/div>\n\t\t\t\t<\/div>\n\t\t\t\t<div class=\"elementor-element elementor-element-c9320ae elementor-widget elementor-widget-heading\" data-id=\"c9320ae\" data-element_type=\"widget\" data-e-type=\"widget\" data-widget_type=\"heading.default\">\n\t\t\t\t<div class=\"elementor-widget-container\">\n\t\t\t\t\t<h2 class=\"elementor-heading-title elementor-size-default\">Busy i autobusy - z lotniska w Bari do Matery<\/h2>\t\t\t\t<\/div>\n\t\t\t\t<\/div>\n\t\t\t\t<div class=\"elementor-element elementor-element-3a5daab elementor-widget elementor-widget-text-editor\" data-id=\"3a5daab\" data-element_type=\"widget\" data-e-type=\"widget\" data-widget_type=\"text-editor.default\">\n\t\t\t\t<div class=\"elementor-widget-container\">\n\t\t\t\t\t\t\t\t\t<p>Bus \u2013 w okresie letnim pomi\u0119dzy Bari, a Mater\u0105 kursuje autobus Pugliair. Zerknijcie sobie w Google, jak wygl\u0105da aktualny rozk\u0142ad jazdy i ceny \u2013 z tego co pami\u0119tam s\u0105 one bardzo korzystne ,bo ju\u017c nawet za 3.40 euro dostaniecie si\u0119 z Matery na lotnisko w Bari. Informacje o godzinach odjazd\u00f3w mo\u017cecie znale\u017a\u0107 na przyk\u0142ad\u00a0<a href=\"https:\/\/bari.airports.aeroportidipuglia.it\/puglia-airbus\/\">TU<\/a>.<\/p>\t\t\t\t\t\t\t\t<\/div>\n\t\t\t\t<\/div>\n\t\t\t\t<div class=\"elementor-element elementor-element-95f1d42 elementor-widget elementor-widget-text-editor\" data-id=\"95f1d42\" data-element_type=\"widget\" data-e-type=\"widget\" data-widget_type=\"text-editor.default\">\n\t\t\t\t<div class=\"elementor-widget-container\">\n\t\t\t\t\t\t\t\t\t<p>S\u0105 to jednak informacje, kt\u00f3re trzeba na bie\u017c\u0105co sprawdza\u0107. Podejrzewam, a raczej jestem pewna, \u017ce godziny i ceny mog\u0105 si\u0119 zmieni\u0107 w zale\u017cno\u015bci od sezonu lub danego miesi\u0105ca. Znalaz\u0142am te\u017c informacje, \u017ce autobus nie kursuje w niedziel\u0119 i \u015bwi\u0119ta. Jednak to tak\u017ce nale\u017cy na bie\u017c\u0105co sprawdza\u0107 i potwierdzi\u0107 przed przylotem do Bari.<\/p>\t\t\t\t\t\t\t\t<\/div>\n\t\t\t\t<\/div>\n\t\t\t\t<div class=\"elementor-element elementor-element-4ac2aa7 elementor-widget elementor-widget-text-editor\" data-id=\"4ac2aa7\" data-element_type=\"widget\" data-e-type=\"widget\" data-widget_type=\"text-editor.default\">\n\t\t\t\t<div class=\"elementor-widget-container\">\n\t\t\t\t\t\t\t\t\t<p>Opr\u00f3cz wspomnianego busa na stronie <a href=\"https:\/\/www.omio.com\/\">Omio<\/a> mo\u017cecie r\u00f3wnie\u017c znale\u017a\u0107 rozk\u0142ad Flixbusa, kt\u00f3ry kursuje pomi\u0119dzy Mater\u0105 a lotniskiem w Bari \u2013 to kolejna alternatywa, jednak ceny te\u017c s\u0105 bardzo r\u00f3\u017cne w zale\u017cno\u015bci od dnia i godziny.<\/p>\t\t\t\t\t\t\t\t<\/div>\n\t\t\t\t<\/div>\n\t\t\t\t<div class=\"elementor-element elementor-element-e9c2bbd elementor-widget elementor-widget-heading\" data-id=\"e9c2bbd\" data-element_type=\"widget\" data-e-type=\"widget\" data-widget_type=\"heading.default\">\n\t\t\t\t<div class=\"elementor-widget-container\">\n\t\t\t\t\t<h2 class=\"elementor-heading-title elementor-size-default\">Ile czasu przeznaczy\u0107 na zwiedzanie Matery?<\/h2>\t\t\t\t<\/div>\n\t\t\t\t<\/div>\n\t\t\t\t<div class=\"elementor-element elementor-element-6797654 elementor-widget elementor-widget-text-editor\" data-id=\"6797654\" data-element_type=\"widget\" data-e-type=\"widget\" data-widget_type=\"text-editor.default\">\n\t\t\t\t<div class=\"elementor-widget-container\">\n\t\t\t\t\t\t\t\t\t<p>Chocia\u017c my na Mater\u0119 przeznaczyli\u015bmy tylko jeden dzie\u0144, zdecydowanie warto zosta\u0107 tutaj na co najmniej dwa dni. Oczywi\u015bcie je\u015bli lubicie miejsca o takim charakterze, bo dla mnie akurat jeden dzie\u0144 by\u0142 zdecydowanie wystarczaj\u0105cy. Tak czy inaczej \u2013 je\u015bli chcecie i macie mo\u017cliwo\u015b\u0107 to warto pokusi\u0107 si\u0119 o nocowanie tutaj. Zachody s\u0142o\u0144ca i z\u0142ota godzina musz\u0105 by\u0107 w tym mie\u015bcie wyj\u0105tkowe.<\/p>\t\t\t\t\t\t\t\t<\/div>\n\t\t\t\t<\/div>\n\t\t\t\t<div class=\"elementor-element elementor-element-4a919cc elementor-widget elementor-widget-heading\" data-id=\"4a919cc\" data-element_type=\"widget\" data-e-type=\"widget\" data-widget_type=\"heading.default\">\n\t\t\t\t<div class=\"elementor-widget-container\">\n\t\t\t\t\t<h2 class=\"elementor-heading-title elementor-size-default\">Dlaczego warto odwiedzi\u0107 Mater\u0119?<\/h2>\t\t\t\t<\/div>\n\t\t\t\t<\/div>\n\t\t\t\t<div class=\"elementor-element elementor-element-5db8486 elementor-widget elementor-widget-text-editor\" data-id=\"5db8486\" data-element_type=\"widget\" data-e-type=\"widget\" data-widget_type=\"text-editor.default\">\n\t\t\t\t<div class=\"elementor-widget-container\">\n\t\t\t\t\t\t\t\t\t<p class=\"MsoNormal\">Poznaj 6 powod\u00f3w, dla kt\u00f3rych warto odwiedzi\u0107 Mater\u0119. Jest to m\u00f3j subiektywny wyb\u00f3r i propozycje co mo\u017cna robi\u0107. Chcia\u0142abym te\u017c zainspirowa\u0107 was do samodzielnego odkrywania miasta i wybrania z tego wpisu tego, co dla was najciekawsze!\u00a0<\/p>\t\t\t\t\t\t\t\t<\/div>\n\t\t\t\t<\/div>\n\t\t\t\t<div class=\"elementor-element elementor-element-d1e8544 elementor-widget elementor-widget-heading\" data-id=\"d1e8544\" data-element_type=\"widget\" data-e-type=\"widget\" data-widget_type=\"heading.default\">\n\t\t\t\t<div class=\"elementor-widget-container\">\n\t\t\t\t\t<h2 class=\"elementor-heading-title elementor-size-default\">Poczujesz si\u0119 tutaj jak na planie filmowym<\/h2>\t\t\t\t<\/div>\n\t\t\t\t<\/div>\n\t\t\t\t<div class=\"elementor-element elementor-element-3fd8c58 elementor-widget elementor-widget-text-editor\" data-id=\"3fd8c58\" data-element_type=\"widget\" data-e-type=\"widget\" data-widget_type=\"text-editor.default\">\n\t\t\t\t<div class=\"elementor-widget-container\">\n\t\t\t\t\t\t\t\t\t<p>Spaceruj\u0105c ulicami Matery mo\u017cesz poczu\u0107 si\u0119 jak na planie filmowym. I tak w\u0142a\u015bnie jest!<\/p>\t\t\t\t\t\t\t\t<\/div>\n\t\t\t\t<\/div>\n\t\t\t\t<div class=\"elementor-element elementor-element-73c5f0a elementor-widget elementor-widget-text-editor\" data-id=\"73c5f0a\" data-element_type=\"widget\" data-e-type=\"widget\" data-widget_type=\"text-editor.default\">\n\t\t\t\t<div class=\"elementor-widget-container\">\n\t\t\t\t\t\t\t\t\t<p>Nie bez powodu Matera od lat zachwyca najs\u0142ynniejszych re\u017cyser\u00f3w na \u015bwiecie. M\u00f3wi si\u0119, \u017ce to miejsce do z\u0142udzenia przypomina Betlejem, a dowodem na te s\u0142owa jest \u201ePasja\u201d. Ten s\u0142ynny film Mela Gibsona by\u0142 kr\u0119cony w\u0142a\u015bnie tutaj.<\/p>\t\t\t\t\t\t\t\t<\/div>\n\t\t\t\t<\/div>\n\t\t\t\t<div class=\"elementor-element elementor-element-333571e elementor-widget elementor-widget-text-editor\" data-id=\"333571e\" data-element_type=\"widget\" data-e-type=\"widget\" data-widget_type=\"text-editor.default\">\n\t\t\t\t<div class=\"elementor-widget-container\">\n\t\t\t\t\t\t\t\t\t<p>Mater\u0119 mo\u017cecie te\u017c kojarzy\u0107 z filmu James Bond, Nie czas umiera\u0107 <em>(No Time to Die, 2021) <\/em>kiedy to James Bond i Madeleine Swann poruszaj\u0105 si\u0119 po mie\u015bcie legendarnym Astonem Martinem DB5. Wyb\u00f3r Matery w obydwu produkcjach nie by\u0142 przypadkowy, co \u015bwiadczy o tym, \u017ce to miejsce mo\u017ce by\u0107 t\u0142em wielu produkcji, nawet pozornie zupe\u0142nie od siebie r\u00f3\u017cnych.<\/p>\t\t\t\t\t\t\t\t<\/div>\n\t\t\t\t<\/div>\n\t\t\t\t<div class=\"elementor-element elementor-element-07ea846 elementor-widget elementor-widget-heading\" data-id=\"07ea846\" data-element_type=\"widget\" data-e-type=\"widget\" data-widget_type=\"heading.default\">\n\t\t\t\t<div class=\"elementor-widget-container\">\n\t\t\t\t\t<h2 class=\"elementor-heading-title elementor-size-default\">Zachwycaj\u0105ce punkty widokowe w Materze<\/h2>\t\t\t\t<\/div>\n\t\t\t\t<\/div>\n\t\t\t\t<div class=\"elementor-element elementor-element-d977527 elementor-widget elementor-widget-text-editor\" data-id=\"d977527\" data-element_type=\"widget\" data-e-type=\"widget\" data-widget_type=\"text-editor.default\">\n\t\t\t\t<div class=\"elementor-widget-container\">\n\t\t\t\t\t\t\t\t\t<p>Spaceruj\u0105c uliczkami Matery warto wybra\u0107 sobie 2-3 punkty widokowe, kt\u00f3re b\u0119d\u0105 waszym punktem odniesienia. Tak naprawd\u0119 ka\u017cdy oferuje zachwycaj\u0105ce widoki na Sassi i imponuj\u0105c\u0105 panoram\u0119 miasta. To s\u0105 miejsca, w kt\u00f3rych warto si\u0119 zatrzyma\u0107. Gwarantuj\u0119 ci, \u017ce zrobisz tutaj pi\u0119kne zdj\u0119cia.<\/p>\t\t\t\t\t\t\t\t<\/div>\n\t\t\t\t<\/div>\n\t\t\t\t<div class=\"elementor-element elementor-element-37df198 elementor-widget elementor-widget-heading\" data-id=\"37df198\" data-element_type=\"widget\" data-e-type=\"widget\" data-widget_type=\"heading.default\">\n\t\t\t\t<div class=\"elementor-widget-container\">\n\t\t\t\t\t<h2 class=\"elementor-heading-title elementor-size-default\">Belvedere Luigi Guerricchio - najpopularniejszy punkt widokowy Matery<\/h2>\t\t\t\t<\/div>\n\t\t\t\t<\/div>\n\t\t\t\t<div class=\"elementor-element elementor-element-a5ef4cb elementor-widget elementor-widget-text-editor\" data-id=\"a5ef4cb\" data-element_type=\"widget\" data-e-type=\"widget\" data-widget_type=\"text-editor.default\">\n\t\t\t\t<div class=\"elementor-widget-container\">\n\t\t\t\t\t\t\t\t\t<p>Taras, kt\u00f3ry znajduje si\u0119 na Piazza Vittorio Veneto i jest nazywany \u201eBelvedere dei Tre Archi\u201d \u2013 czyli \u201eTrzech \u0142uk\u00f3w\u201d.\u00a0 To punkt widokowy zosta\u0142 nazwany na cze\u015b\u0107 s\u0142ynnego w\u0142oskiego malarza Luigi Guerricchio. M\u00f3wi si\u0119, \u017ce to jeden z lepszych miejsc, w kt\u00f3rych mo\u017cesz w pe\u0142ni podziwia\u0107 niesamowit\u0105 zabudow\u0119 miasta.<\/p>\t\t\t\t\t\t\t\t<\/div>\n\t\t\t\t<\/div>\n\t\t\t\t<div class=\"elementor-element elementor-element-41c8016 elementor-widget elementor-widget-text-editor\" data-id=\"41c8016\" data-element_type=\"widget\" data-e-type=\"widget\" data-widget_type=\"text-editor.default\">\n\t\t\t\t<div class=\"elementor-widget-container\">\n\t\t\t\t\t\t\t\t\t<p>Piazza Vittorio Veneto to g\u0142\u00f3wny plac Matery, kt\u00f3ry otoczony jest eleganckimi budynkami i ko\u015bcio\u0142ami. W przesz\u0142o\u015bci mia\u0142 za zadanie nieco ukry\u0107 domy mieszka\u0144c\u00f3w, kt\u00f3rzy \u017cyli tutaj w fatalnych warunkach.<\/p>\t\t\t\t\t\t\t\t<\/div>\n\t\t\t\t<\/div>\n\t\t\t\t<div class=\"elementor-element elementor-element-137dbcd elementor-widget elementor-widget-text-editor\" data-id=\"137dbcd\" data-element_type=\"widget\" data-e-type=\"widget\" data-widget_type=\"text-editor.default\">\n\t\t\t\t<div class=\"elementor-widget-container\">\n\t\t\t\t\t\t\t\t\t<p>Aktualnie to miejsce t\u0119tni\u0105ce \u017cyciem i w\u0142a\u015bnie st\u0105d mo\u017cesz zej\u015b\u0107 do staro\u017cytnej cz\u0119\u015bci miasta \u2013 Sassi.<\/p>\t\t\t\t\t\t\t\t<\/div>\n\t\t\t\t<\/div>\n\t\t\t\t<div class=\"elementor-element elementor-element-aaffd15 elementor-widget elementor-widget-heading\" data-id=\"aaffd15\" data-element_type=\"widget\" data-e-type=\"widget\" data-widget_type=\"heading.default\">\n\t\t\t\t<div class=\"elementor-widget-container\">\n\t\t\t\t\t<h2 class=\"elementor-heading-title elementor-size-default\">Belvedere Piazzetta Pascoli - drugi najs\u0142ynniejszy punkt widokowy Matery<\/h2>\t\t\t\t<\/div>\n\t\t\t\t<\/div>\n\t\t\t\t<div class=\"elementor-element elementor-element-678aba3 elementor-widget elementor-widget-text-editor\" data-id=\"678aba3\" data-element_type=\"widget\" data-e-type=\"widget\" data-widget_type=\"text-editor.default\">\n\t\t\t\t<div class=\"elementor-widget-container\">\n\t\t\t\t\t\t\t\t\t<p>Inna nazwa to Belvedere Giovanni Pascoli. Kolejny niezwyk\u0142y punkt widokowy, chocia\u017c tutaj bywa t\u0142oczno. Z niewielkiego balkonu rozpo\u015bciera si\u0119 widok na Sasso Caveoso i mo\u017cesz tutaj w ca\u0142ej okaza\u0142o\u015bci zobaczy\u0107 zachowane, staro\u017cytne budynki i wykute w kamieniu domy. Na jednym z klif\u00f3w w oddali mo\u017cesz te\u017c dojrze\u0107 Sanktuarium Santa Maria de Idris. W okolicy tego ko\u015bcio\u0142a s\u0105 r\u00f3wnie\u017c miejsca, kt\u00f3re oferuj\u0105 niezwyk\u0142e widoki.<\/p>\t\t\t\t\t\t\t\t<\/div>\n\t\t\t\t<\/div>\n\t\t\t\t<div class=\"elementor-element elementor-element-1d547b1 elementor-widget elementor-widget-heading\" data-id=\"1d547b1\" data-element_type=\"widget\" data-e-type=\"widget\" data-widget_type=\"heading.default\">\n\t\t\t\t<div class=\"elementor-widget-container\">\n\t\t\t\t\t<h2 class=\"elementor-heading-title elementor-size-default\">Belvedere Emilio Colombo<\/h2>\t\t\t\t<\/div>\n\t\t\t\t<\/div>\n\t\t\t\t<div class=\"elementor-element elementor-element-b1ea812 elementor-widget elementor-widget-text-editor\" data-id=\"b1ea812\" data-element_type=\"widget\" data-e-type=\"widget\" data-widget_type=\"text-editor.default\">\n\t\t\t\t<div class=\"elementor-widget-container\">\n\t\t\t\t\t\t\t\t\t<p>Kolejny punkt widokowy obok Ko\u015bcio\u0142a Sant\u2019Agostino. Tutaj mo\u017cecie podziwia\u0107 widoki z nieco innej perspektywy ni\u017c ze wcze\u015bniejszych lokalizacji.<\/p>\t\t\t\t\t\t\t\t<\/div>\n\t\t\t\t<\/div>\n\t\t\t\t<div class=\"elementor-element elementor-element-4619aab elementor-widget elementor-widget-heading\" data-id=\"4619aab\" data-element_type=\"widget\" data-e-type=\"widget\" data-widget_type=\"heading.default\">\n\t\t\t\t<div class=\"elementor-widget-container\">\n\t\t\t\t\t<h2 class=\"elementor-heading-title elementor-size-default\">Belvedere Murgia Timone - Matera z innej perspektywy<\/h2>\t\t\t\t<\/div>\n\t\t\t\t<\/div>\n\t\t\t\t<div class=\"elementor-element elementor-element-53315da elementor-widget elementor-widget-text-editor\" data-id=\"53315da\" data-element_type=\"widget\" data-e-type=\"widget\" data-widget_type=\"text-editor.default\">\n\t\t\t\t<div class=\"elementor-widget-container\">\n\t\t\t\t\t\t\t\t\t<p>To miejsce, do kt\u00f3rego mo\u017cecie wybra\u0107 si\u0119 samochodem lub zdecydowa\u0107 si\u0119 na trekking. Punkt widokowy le\u017cy na wzg\u00f3rzu poza miastem, ale widoki s\u0105 ob\u0142\u0119dne. My niestety nie dotarli\u015bmy tam \u2013 ale nie pope\u0142niajcie tego samego b\u0142\u0119du! St\u0105d zobaczysz niezapomniany widok na Mater\u0119 a opr\u00f3cz tego w okolicy znajduj\u0105 si\u0119 jaskinie i groty. My\u015bl\u0119, \u017ce to mo\u017ce by\u0107 niezapomniane prze\u017cycie! Podczas trekkingu prawdopodobnie przejdzie r\u00f3wnie\u017c charakterystycznym mostem nad rzek\u0105 Torrente Gravina.<\/p>\t\t\t\t\t\t\t\t<\/div>\n\t\t\t\t<\/div>\n\t\t\t\t<div class=\"elementor-element elementor-element-86a6723 elementor-widget elementor-widget-heading\" data-id=\"86a6723\" data-element_type=\"widget\" data-e-type=\"widget\" data-widget_type=\"heading.default\">\n\t\t\t\t<div class=\"elementor-widget-container\">\n\t\t\t\t\t<h2 class=\"elementor-heading-title elementor-size-default\">Matera - per\u0142a regionu nie do ko\u0144ca odkryta przez turyst\u00f3w<\/h2>\t\t\t\t<\/div>\n\t\t\t\t<\/div>\n\t\t\t\t<div class=\"elementor-element elementor-element-c747a2a elementor-widget elementor-widget-text-editor\" data-id=\"c747a2a\" data-element_type=\"widget\" data-e-type=\"widget\" data-widget_type=\"text-editor.default\">\n\t\t\t\t<div class=\"elementor-widget-container\">\n\t\t\t\t\t\t\t\t\t<p>Chocia\u017c Matera z roku na rok przyci\u0105ga coraz wi\u0119cej turyst\u00f3w to nie jest to miejsce tak popularne jak Bari, nie wspominaj\u0105c ju\u017c o innych miastach takich jak Rzym czy Wenecja. Czy to \u017ale? Moim zdaniem wr\u0119cz przeciwnie! Miejsce naprawd\u0119 robi ogromne wra\u017cenie, a spaceruj\u0105c ulicami Sassi momentami mieli\u015bmy wra\u017cenie, \u017ce jeste\u015bmy tutaj sami. To bardzo wp\u0142ywa na odbi\u00f3r tego miejsca, kt\u00f3re mimo zachwycaj\u0105cej architektury zachowuje swoj\u0105 autentyczno\u015b\u0107 i jest tutaj naprawd\u0119 spokojniej ni\u017c w innych popularnych w\u0142oskich miasteczkach.<\/p>\t\t\t\t\t\t\t\t<\/div>\n\t\t\t\t<\/div>\n\t\t\t\t<div class=\"elementor-element elementor-element-bef0970 elementor-widget elementor-widget-heading\" data-id=\"bef0970\" data-element_type=\"widget\" data-e-type=\"widget\" data-widget_type=\"heading.default\">\n\t\t\t\t<div class=\"elementor-widget-container\">\n\t\t\t\t\t<h2 class=\"elementor-heading-title elementor-size-default\">Matera to raj dla mi\u0142o\u015bnik\u00f3w historii i sztuki<\/h2>\t\t\t\t<\/div>\n\t\t\t\t<\/div>\n\t\t\t\t<div class=\"elementor-element elementor-element-576388b elementor-widget elementor-widget-text-editor\" data-id=\"576388b\" data-element_type=\"widget\" data-e-type=\"widget\" data-widget_type=\"text-editor.default\">\n\t\t\t\t<div class=\"elementor-widget-container\">\n\t\t\t\t\t\t\t\t\t<p>Matera opr\u00f3cz tego \u017ce jest wpisana na list\u0119 \u015awiatowego Dziedzictwa UNESCO, to w 2019 roku zosta\u0142a r\u00f3wnie\u017c Europejsk\u0105 Stolic\u0105 Kultury. Przy planowaniu wycieczki warto wybra\u0107 sobie jednak 3-4 miejsca, kt\u00f3re w szczeg\u00f3lno\u015bci chcieliby\u015bcie zobaczy\u0107. W ci\u0105gu 1-2 dni trudno tutaj zwiedzi\u0107 wszystko, a ilo\u015b\u0107 ko\u015bcio\u0142\u00f3w, muze\u00f3w, plac\u00f3w i historycznych miejsc mo\u017ce przyt\u0142oczy\u0107!<\/p>\t\t\t\t\t\t\t\t<\/div>\n\t\t\t\t<\/div>\n\t\t\t\t<div class=\"elementor-element elementor-element-a131e2b elementor-widget elementor-widget-heading\" data-id=\"a131e2b\" data-element_type=\"widget\" data-e-type=\"widget\" data-widget_type=\"heading.default\">\n\t\t\t\t<div class=\"elementor-widget-container\">\n\t\t\t\t\t<h2 class=\"elementor-heading-title elementor-size-default\">Niezwyk\u0142a architektura Matery<\/h2>\t\t\t\t<\/div>\n\t\t\t\t<\/div>\n\t\t\t\t<div class=\"elementor-element elementor-element-75385d6 elementor-widget elementor-widget-text-editor\" data-id=\"75385d6\" data-element_type=\"widget\" data-e-type=\"widget\" data-widget_type=\"text-editor.default\">\n\t\t\t\t<div class=\"elementor-widget-container\">\n\t\t\t\t\t\t\t\t\t<p>Region Basilicata i Matera to miejsca niepodobne do innych region\u00f3w W\u0142och i wyj\u0105tkowe pod wzgl\u0119dem architektonicznym. Liczne ko\u015bcio\u0142y, groty, jaskinie i domy mieszkalne tworz\u0105 razem niezwyk\u0142\u0105 sceneri\u0119. Jest to obszar, kt\u00f3ry by\u0142 ju\u017c zamieszkiwany w czasach paleolitu i niezwyk\u0142e jest to jak dobrze zachowa\u0142 si\u0119 a\u017c do teraz.<\/p>\t\t\t\t\t\t\t\t<\/div>\n\t\t\t\t<\/div>\n\t\t\t\t<div class=\"elementor-element elementor-element-5529905 elementor-widget elementor-widget-heading\" data-id=\"5529905\" data-element_type=\"widget\" data-e-type=\"widget\" data-widget_type=\"heading.default\">\n\t\t\t\t<div class=\"elementor-widget-container\">\n\t\t\t\t\t<h2 class=\"elementor-heading-title elementor-size-default\">Zwiedzanie Matery - trekkingi, groty i jaskinie<\/h2>\t\t\t\t<\/div>\n\t\t\t\t<\/div>\n\t\t\t\t<div class=\"elementor-element elementor-element-b79d2a5 elementor-widget elementor-widget-text-editor\" data-id=\"b79d2a5\" data-element_type=\"widget\" data-e-type=\"widget\" data-widget_type=\"text-editor.default\">\n\t\t\t\t<div class=\"elementor-widget-container\">\n\t\t\t\t\t\t\t\t\t<p>Sassi s\u0142ynie z jaski\u0144 i wielu tras spacerowych, wi\u0119c je\u015bli jeste\u015bcie tutaj d\u0142u\u017cej to warto zaplanowa\u0107 sobie trekking. Mo\u017ce to by\u0107 trekking na wspomniany wcze\u015bniej punkt widokowy <strong>Belvedere Murgia Timone<\/strong>?\u00a0 Je\u015bli kojarzycie zdj\u0119cie Matery kt\u00f3re jest zrobione tak jakby z groty \u2013 to w\u0142a\u015bnie w tej okolicy.<\/p>\t\t\t\t\t\t\t\t<\/div>\n\t\t\t\t<\/div>\n\t\t\t\t<div class=\"elementor-element elementor-element-50280a5 elementor-widget elementor-widget-heading\" data-id=\"50280a5\" data-element_type=\"widget\" data-e-type=\"widget\" data-widget_type=\"heading.default\">\n\t\t\t\t<div class=\"elementor-widget-container\">\n\t\t\t\t\t<h2 class=\"elementor-heading-title elementor-size-default\">Praktyczne wskaz\u00f3wki - jak zwiedza\u0107 Mater\u0119<\/h2>\t\t\t\t<\/div>\n\t\t\t\t<\/div>\n\t\t\t\t<div class=\"elementor-element elementor-element-d6c7182 elementor-widget elementor-widget-heading\" data-id=\"d6c7182\" data-element_type=\"widget\" data-e-type=\"widget\" data-widget_type=\"heading.default\">\n\t\t\t\t<div class=\"elementor-widget-container\">\n\t\t\t\t\t<h2 class=\"elementor-heading-title elementor-size-default\">Godziny otwarcia atrakcji w Materze<\/h2>\t\t\t\t<\/div>\n\t\t\t\t<\/div>\n\t\t\t\t<div class=\"elementor-element elementor-element-0445873 elementor-widget elementor-widget-text-editor\" data-id=\"0445873\" data-element_type=\"widget\" data-e-type=\"widget\" data-widget_type=\"text-editor.default\">\n\t\t\t\t<div class=\"elementor-widget-container\">\n\t\t\t\t\t\t\t\t\t<p>Matera to nie jest miasto, kt\u00f3re t\u0119tni \u017cyciem ca\u0142y rok tak jak na przyk\u0142ad Rzym. Pewne atrakcje mog\u0105 by\u0107 otwarte w r\u00f3\u017cnych godzinach i dniach tygodnia (na przyk\u0142ad tylko w weekendy). Szczeg\u00f3lnie b\u0105d\u017acie czujni je\u015bli wybieracie si\u0119 tutaj poza sezonem!<\/p>\t\t\t\t\t\t\t\t<\/div>\n\t\t\t\t<\/div>\n\t\t\t\t<div class=\"elementor-element elementor-element-564531a elementor-widget elementor-widget-heading\" data-id=\"564531a\" data-element_type=\"widget\" data-e-type=\"widget\" data-widget_type=\"heading.default\">\n\t\t\t\t<div class=\"elementor-widget-container\">\n\t\t\t\t\t<h2 class=\"elementor-heading-title elementor-size-default\">Schody i pag\u00f3rki - z tego Matera jest znana<\/h2>\t\t\t\t<\/div>\n\t\t\t\t<\/div>\n\t\t\t\t<div class=\"elementor-element elementor-element-102c584 elementor-widget elementor-widget-text-editor\" data-id=\"102c584\" data-element_type=\"widget\" data-e-type=\"widget\" data-widget_type=\"text-editor.default\">\n\t\t\t\t<div class=\"elementor-widget-container\">\n\t\t\t\t\t\t\t\t\t<p>Matera jest bez w\u0105tpienia pi\u0119kna, ale niestety poruszanie si\u0119 tutaj mo\u017ce by\u0107 utrudnione przez du\u017c\u0105 ilo\u015b\u0107 schod\u00f3w, podej\u015b\u0107 i pag\u00f3rk\u00f3w. Pami\u0119tajcie o tym przy planowaniu wycieczki.<\/p>\t\t\t\t\t\t\t\t<\/div>\n\t\t\t\t<\/div>\n\t\t\t\t<div class=\"elementor-element elementor-element-f0fef25 elementor-widget elementor-widget-heading\" data-id=\"f0fef25\" data-element_type=\"widget\" data-e-type=\"widget\" data-widget_type=\"heading.default\">\n\t\t\t\t<div class=\"elementor-widget-container\">\n\t\t\t\t\t<h2 class=\"elementor-heading-title elementor-size-default\">Gdzie zje\u015b\u0107 w Materze?<\/h2>\t\t\t\t<\/div>\n\t\t\t\t<\/div>\n\t\t\t\t<div class=\"elementor-element elementor-element-a230522 elementor-widget elementor-widget-text-editor\" data-id=\"a230522\" data-element_type=\"widget\" data-e-type=\"widget\" data-widget_type=\"text-editor.default\">\n\t\t\t\t<div class=\"elementor-widget-container\">\n\t\t\t\t\t\t\t\t\t<p>O tym gdzie zje\u015b\u0107 w Materze przeczytacie w\u00a0<a href=\"https:\/\/travelandeatpasta.com\/gdzie-zjesc-w-apulii\/\"><strong>tym wpisie<\/strong><\/a>. My zatrzymali\u015bmy si\u0119 tutaj tylko na szybki lunch, ale by\u0142o bardzo smacznie!<\/p>\t\t\t\t\t\t\t\t<\/div>\n\t\t\t\t<\/div>\n\t\t\t\t<div class=\"elementor-element elementor-element-c5d6cc2 elementor-widget elementor-widget-text-editor\" data-id=\"c5d6cc2\" data-element_type=\"widget\" data-e-type=\"widget\" data-widget_type=\"text-editor.default\">\n\t\t\t\t<div class=\"elementor-widget-container\">\n\t\t\t\t\t\t\t\t\t<p>Bardzo dzi\u0119kuj\u0119 Ci, \u017ce dotar\u0142e\u015b do ko\u0144ca tego wpisu!\u00a0<\/p>\n<ul>\n<li style=\"list-style-type: none;\">\n<ul>\n<li><strong>Spodoba\u0142 Ci si\u0119 ten post?<\/strong> Zapraszam Ci\u0119 do przeczytania innych\u00a0<strong><a href=\"https:\/\/travelandeatpasta.com\/apulia\/\">wpis\u00f3w o Apulii<\/a>.<\/strong><\/li>\n<li><b>Masz pytanie?<\/b> Je\u015bli masz jakiekolwiek pytanie lub sugesti\u0119 to koniecznie daj zna\u0107 w komentarzu pod postem!<\/li>\n<li><strong>Zapraszam Ci\u0119 do zaobserwowania <a href=\"https:\/\/www.instagram.com\/travelandeatpasta\">mojego konta na Instagramie Travel and Eat Pasta <\/a><\/strong>gdzie na bie\u017c\u0105co wrzucam relacje z wyjazd\u00f3w, ciekawostki i informacje na temat nowych artyku\u0142\u00f3w na blogu.\u00a0<\/li>\n<\/ul>\n<\/li>\n<\/ul>\t\t\t\t\t\t\t\t<\/div>\n\t\t\t\t<\/div>\n\t\t\t\t<\/div>\n\t\t<div class=\"elementor-element elementor-element-47345178 e-con-full e-flex qodef-container-heights--disabled e-con e-child\" data-id=\"47345178\" data-element_type=\"container\" data-e-type=\"container\">\n\t\t\t\t<div class=\"elementor-element elementor-element-2e1551b1 elementor-author-box--layout-image-above elementor-author-box--align-center elementor-hidden-mobile elementor-widget elementor-widget-author-box\" data-id=\"2e1551b1\" data-element_type=\"widget\" data-e-type=\"widget\" data-widget_type=\"author-box.default\">\n\t\t\t\t<div class=\"elementor-widget-container\">\n\t\t\t\t\t\t\t<div class=\"elementor-author-box\">\n\t\t\t\t\t\t\t<div  class=\"elementor-author-box__avatar\">\n\t\t\t\t\t<img decoding=\"async\" src=\"https:\/\/travelandeatpasta.com\/wp-content\/uploads\/2024\/06\/img_9291-225x300.jpg\" alt=\"Picture of Cze\u015b\u0107!\" loading=\"lazy\">\n\t\t\t\t<\/div>\n\t\t\t\n\t\t\t<div class=\"elementor-author-box__text\">\n\t\t\t\t\t\t\t\t\t<div >\n\t\t\t\t\t\t<h4 class=\"elementor-author-box__name\">\n\t\t\t\t\t\t\tCze\u015b\u0107!\t\t\t\t\t\t<\/h4>\n\t\t\t\t\t<\/div>\n\t\t\t\t\n\t\t\t\t\t\t\t\t\t<div class=\"elementor-author-box__bio\">\n\t\t\t\t\t\t<p>Mam na imi\u0119 Roksana i tworz\u0119 tego bloga, aby dzieli\u0107 si\u0119 <strong>opowie\u015bciami z podr\u00f3\u017cy<\/strong>, wskaz\u00f3wkami i historiami na temat W\u0142och. Osobi\u015bcie uwielbiam pisanie, podr\u00f3\u017cowanie i fotografi\u0119.<\/p>\n\t\t\t\t\t<\/div>\n\t\t\t\t\n\t\t\t\t\t\t\t<\/div>\n\t\t<\/div>\n\t\t\t\t\t\t<\/div>\n\t\t\t\t<\/div>\n\t\t\t\t<div class=\"elementor-element elementor-element-5db8bf7d elementor-shape-square elementor-hidden-mobile elementor-grid-0 e-grid-align-center elementor-widget elementor-widget-social-icons\" data-id=\"5db8bf7d\" data-element_type=\"widget\" data-e-type=\"widget\" data-widget_type=\"social-icons.default\">\n\t\t\t\t<div class=\"elementor-widget-container\">\n\t\t\t\t\t\t\t<div class=\"elementor-social-icons-wrapper elementor-grid\" role=\"list\">\n\t\t\t\t\t\t\t<span class=\"elementor-grid-item\" role=\"listitem\">\n\t\t\t\t\t<a class=\"elementor-icon elementor-social-icon elementor-social-icon-instagram elementor-animation-float elementor-repeater-item-c9acc23\" href=\"https:\/\/www.instagram.com\/travelandeatpasta\/\" target=\"_blank\">\n\t\t\t\t\t\t<span class=\"elementor-screen-only\">Instagram<\/span>\n\t\t\t\t\t\t<i aria-hidden=\"true\" class=\"fab fa-instagram\"><\/i>\t\t\t\t\t<\/a>\n\t\t\t\t<\/span>\n\t\t\t\t\t\t\t<span class=\"elementor-grid-item\" role=\"listitem\">\n\t\t\t\t\t<a class=\"elementor-icon elementor-social-icon elementor-social-icon-pinterest elementor-animation-float elementor-repeater-item-e4ef308\" href=\"https:\/\/pl.pinterest.com\/roksanatravelandeatpasta\/\" target=\"_blank\">\n\t\t\t\t\t\t<span class=\"elementor-screen-only\">Pinterest<\/span>\n\t\t\t\t\t\t<i aria-hidden=\"true\" class=\"fab fa-pinterest\"><\/i>\t\t\t\t\t<\/a>\n\t\t\t\t<\/span>\n\t\t\t\t\t\t\t<span class=\"elementor-grid-item\" role=\"listitem\">\n\t\t\t\t\t<a class=\"elementor-icon elementor-social-icon elementor-social-icon-tiktok elementor-animation-float elementor-repeater-item-bf6209e\" href=\"https:\/\/www.tiktok.com\/@travel_and_eat_pasta\" target=\"_blank\">\n\t\t\t\t\t\t<span class=\"elementor-screen-only\">Tiktok<\/span>\n\t\t\t\t\t\t<i aria-hidden=\"true\" class=\"fab fa-tiktok\"><\/i>\t\t\t\t\t<\/a>\n\t\t\t\t<\/span>\n\t\t\t\t\t<\/div>\n\t\t\t\t\t\t<\/div>\n\t\t\t\t<\/div>\n\t\t\t\t<div class=\"elementor-element elementor-element-28493093 spis-tresci elementor-widget elementor-widget-qi_addons_for_elementor_table_of_contents\" data-id=\"28493093\" data-element_type=\"widget\" data-e-type=\"widget\" data-settings=\"{&quot;sticky&quot;:&quot;top&quot;,&quot;sticky_offset&quot;:120,&quot;sticky_effects_offset&quot;:23,&quot;sticky_parent&quot;:&quot;yes&quot;,&quot;sticky_on&quot;:[&quot;desktop&quot;,&quot;tablet&quot;,&quot;mobile&quot;]}\" data-widget_type=\"qi_addons_for_elementor_table_of_contents.default\">\n\t\t\t\t<div class=\"elementor-widget-container\">\n\t\t\t\t\t<div class=\"qodef-shortcode qodef-m qodef-qi-table-of-contents qodef-list-position--inside qodef-list-underline\">\n\t<div class=\"qodef-e-title-holder\">\n\t\t\t<h2 class=\"qodef-m-title qodef-exclude\">\n\t\t\ud83d\udcc3 Spis tre\u015bci\t<\/h2>\n\t<\/div>\n\t<div class=\"qodef-m-table-content\" data-type=\"ol\" data-excluded-tags=\"h1,h3,h4,h5,h6\" data-excluded-cids=\".qodef-exclude,.qodef-page-title,.qodef-e-author,.qodef-testimonials-list,.qodef-testimonials-slider\">\n\t\t<ol><\/ol>\n\t<\/div>\n<\/div>\n\t\t\t\t<\/div>\n\t\t\t\t<\/div>\n\t\t\t\t<\/div>\n\t\t\t\t<\/div>\n\t\t\t\t<\/div>\n\t\t","protected":false},"excerpt":{"rendered":"<p>Matera to bez w\u0105tpienia ikoniczne miejsce i jedyne w swoim rodzaju. W tym wpisie znajdziesz 6 powod\u00f3w, dla kt\u00f3rych warto odwiedzi\u0107 to niezwyk\u0142e skalne miasto. Je\u015bli jeste\u015bcie w pobli\u017cu Bari to zdecydowanie polecam przyjecha\u0107 tutaj nawet na jeden dzie\u0144. To niezwyk\u0142e miejsce by\u0142o miejscem, kt\u00f3re zachwyci\u0142o niejednego re\u017cysera, a w 1993 roku zosta\u0142o wpisane na [&hellip;]<\/p>\n","protected":false},"author":3,"featured_media":5045,"comment_status":"open","ping_status":"open","sticky":false,"template":"","format":"standard","meta":{"footnotes":""},"categories":[1],"tags":[],"class_list":["post-5125","post","type-post","status-publish","format-standard","has-post-thumbnail","hentry","category-felietony"],"yoast_head":"<!-- This site is optimized with the Yoast SEO plugin v26.8 - https:\/\/yoast.com\/product\/yoast-seo-wordpress\/ -->\n<title>Matera: 6 powod\u00f3w dla kt\u00f3rych warto odwiedzi\u0107 skalne miasto na po\u0142udniu W\u0142och. Najwa\u017cniejsze atrakcje i punkty widokowe - Travel and Eat Pasta<\/title>\n<meta name=\"robots\" content=\"index, follow, max-snippet:-1, max-image-preview:large, max-video-preview:-1\" \/>\n<link rel=\"canonical\" href=\"https:\/\/travelandeatpasta.com\/en\/matera-6-powodow-dla-ktorych-warto-odwiedzic-skalne-miasto-na-poludniu-wloch-najwazniejsze-atrakcje-i-punkty-widokowe\/\" \/>\n<meta property=\"og:locale\" content=\"en_US\" \/>\n<meta property=\"og:type\" content=\"article\" \/>\n<meta property=\"og:title\" content=\"Matera: 6 powod\u00f3w dla kt\u00f3rych warto odwiedzi\u0107 skalne miasto na po\u0142udniu W\u0142och. Najwa\u017cniejsze atrakcje i punkty widokowe - Travel and Eat Pasta\" \/>\n<meta property=\"og:description\" content=\"Matera to bez w\u0105tpienia ikoniczne miejsce i jedyne w swoim rodzaju. W tym wpisie znajdziesz 6 powod\u00f3w, dla kt\u00f3rych warto odwiedzi\u0107 to niezwyk\u0142e skalne miasto. Je\u015bli jeste\u015bcie w pobli\u017cu Bari to zdecydowanie polecam przyjecha\u0107 tutaj nawet na jeden dzie\u0144. To niezwyk\u0142e miejsce by\u0142o miejscem, kt\u00f3re zachwyci\u0142o niejednego re\u017cysera, a w 1993 roku zosta\u0142o wpisane na [&hellip;]\" \/>\n<meta property=\"og:url\" content=\"https:\/\/travelandeatpasta.com\/en\/matera-6-powodow-dla-ktorych-warto-odwiedzic-skalne-miasto-na-poludniu-wloch-najwazniejsze-atrakcje-i-punkty-widokowe\/\" \/>\n<meta property=\"og:site_name\" content=\"Travel and Eat Pasta\" \/>\n<meta property=\"article:published_time\" content=\"2024-07-06T14:03:23+00:00\" \/>\n<meta property=\"article:modified_time\" content=\"2024-12-12T20:56:58+00:00\" \/>\n<meta property=\"og:image\" content=\"https:\/\/travelandeatpasta.com\/wp-content\/uploads\/2024\/05\/DSC05470-scaled.jpg\" \/>\n\t<meta property=\"og:image:width\" content=\"2560\" \/>\n\t<meta property=\"og:image:height\" content=\"1707\" \/>\n\t<meta property=\"og:image:type\" content=\"image\/jpeg\" \/>\n<meta name=\"author\" content=\"Andrea Moretti\" \/>\n<meta name=\"twitter:card\" content=\"summary_large_image\" \/>\n<meta name=\"twitter:label1\" content=\"Written by\" \/>\n\t<meta name=\"twitter:data1\" content=\"Andrea Moretti\" \/>\n\t<meta name=\"twitter:label2\" content=\"Est. reading time\" \/>\n\t<meta name=\"twitter:data2\" content=\"11 minutes\" \/>\n<script type=\"application\/ld+json\" class=\"yoast-schema-graph\">{\"@context\":\"https:\/\/schema.org\",\"@graph\":[{\"@type\":\"Article\",\"@id\":\"https:\/\/travelandeatpasta.com\/matera-6-powodow-dla-ktorych-warto-odwiedzic-skalne-miasto-na-poludniu-wloch-najwazniejsze-atrakcje-i-punkty-widokowe\/#article\",\"isPartOf\":{\"@id\":\"https:\/\/travelandeatpasta.com\/matera-6-powodow-dla-ktorych-warto-odwiedzic-skalne-miasto-na-poludniu-wloch-najwazniejsze-atrakcje-i-punkty-widokowe\/\"},\"author\":{\"name\":\"Andrea Moretti\",\"@id\":\"https:\/\/travelandeatpasta.com\/#\/schema\/person\/61d527460ee9b1dd2cb3938571b8e49a\"},\"headline\":\"Matera: 6 powod\u00f3w dla kt\u00f3rych warto odwiedzi\u0107 skalne miasto na po\u0142udniu W\u0142och. Najwa\u017cniejsze atrakcje i punkty widokowe\",\"datePublished\":\"2024-07-06T14:03:23+00:00\",\"dateModified\":\"2024-12-12T20:56:58+00:00\",\"mainEntityOfPage\":{\"@id\":\"https:\/\/travelandeatpasta.com\/matera-6-powodow-dla-ktorych-warto-odwiedzic-skalne-miasto-na-poludniu-wloch-najwazniejsze-atrakcje-i-punkty-widokowe\/\"},\"wordCount\":1982,\"commentCount\":0,\"publisher\":{\"@id\":\"https:\/\/travelandeatpasta.com\/#\/schema\/person\/dfb3e875ac8bd2f4247599904ab790b6\"},\"image\":{\"@id\":\"https:\/\/travelandeatpasta.com\/matera-6-powodow-dla-ktorych-warto-odwiedzic-skalne-miasto-na-poludniu-wloch-najwazniejsze-atrakcje-i-punkty-widokowe\/#primaryimage\"},\"thumbnailUrl\":\"https:\/\/travelandeatpasta.com\/wp-content\/uploads\/2024\/05\/DSC05470-scaled.jpg\",\"articleSection\":[\"Felietony\"],\"inLanguage\":\"en-US\",\"potentialAction\":[{\"@type\":\"CommentAction\",\"name\":\"Comment\",\"target\":[\"https:\/\/travelandeatpasta.com\/matera-6-powodow-dla-ktorych-warto-odwiedzic-skalne-miasto-na-poludniu-wloch-najwazniejsze-atrakcje-i-punkty-widokowe\/#respond\"]}]},{\"@type\":\"WebPage\",\"@id\":\"https:\/\/travelandeatpasta.com\/matera-6-powodow-dla-ktorych-warto-odwiedzic-skalne-miasto-na-poludniu-wloch-najwazniejsze-atrakcje-i-punkty-widokowe\/\",\"url\":\"https:\/\/travelandeatpasta.com\/matera-6-powodow-dla-ktorych-warto-odwiedzic-skalne-miasto-na-poludniu-wloch-najwazniejsze-atrakcje-i-punkty-widokowe\/\",\"name\":\"Matera: 6 powod\u00f3w dla kt\u00f3rych warto odwiedzi\u0107 skalne miasto na po\u0142udniu W\u0142och. Najwa\u017cniejsze atrakcje i punkty widokowe - Travel and Eat Pasta\",\"isPartOf\":{\"@id\":\"https:\/\/travelandeatpasta.com\/#website\"},\"primaryImageOfPage\":{\"@id\":\"https:\/\/travelandeatpasta.com\/matera-6-powodow-dla-ktorych-warto-odwiedzic-skalne-miasto-na-poludniu-wloch-najwazniejsze-atrakcje-i-punkty-widokowe\/#primaryimage\"},\"image\":{\"@id\":\"https:\/\/travelandeatpasta.com\/matera-6-powodow-dla-ktorych-warto-odwiedzic-skalne-miasto-na-poludniu-wloch-najwazniejsze-atrakcje-i-punkty-widokowe\/#primaryimage\"},\"thumbnailUrl\":\"https:\/\/travelandeatpasta.com\/wp-content\/uploads\/2024\/05\/DSC05470-scaled.jpg\",\"datePublished\":\"2024-07-06T14:03:23+00:00\",\"dateModified\":\"2024-12-12T20:56:58+00:00\",\"breadcrumb\":{\"@id\":\"https:\/\/travelandeatpasta.com\/matera-6-powodow-dla-ktorych-warto-odwiedzic-skalne-miasto-na-poludniu-wloch-najwazniejsze-atrakcje-i-punkty-widokowe\/#breadcrumb\"},\"inLanguage\":\"en-US\",\"potentialAction\":[{\"@type\":\"ReadAction\",\"target\":[\"https:\/\/travelandeatpasta.com\/matera-6-powodow-dla-ktorych-warto-odwiedzic-skalne-miasto-na-poludniu-wloch-najwazniejsze-atrakcje-i-punkty-widokowe\/\"]}]},{\"@type\":\"ImageObject\",\"inLanguage\":\"en-US\",\"@id\":\"https:\/\/travelandeatpasta.com\/matera-6-powodow-dla-ktorych-warto-odwiedzic-skalne-miasto-na-poludniu-wloch-najwazniejsze-atrakcje-i-punkty-widokowe\/#primaryimage\",\"url\":\"https:\/\/travelandeatpasta.com\/wp-content\/uploads\/2024\/05\/DSC05470-scaled.jpg\",\"contentUrl\":\"https:\/\/travelandeatpasta.com\/wp-content\/uploads\/2024\/05\/DSC05470-scaled.jpg\",\"width\":2560,\"height\":1707,\"caption\":\"Matera i widok na skalne miasto\"},{\"@type\":\"BreadcrumbList\",\"@id\":\"https:\/\/travelandeatpasta.com\/matera-6-powodow-dla-ktorych-warto-odwiedzic-skalne-miasto-na-poludniu-wloch-najwazniejsze-atrakcje-i-punkty-widokowe\/#breadcrumb\",\"itemListElement\":[{\"@type\":\"ListItem\",\"position\":1,\"name\":\"Strona g\u0142\u00f3wna\",\"item\":\"https:\/\/travelandeatpasta.com\/\"},{\"@type\":\"ListItem\",\"position\":2,\"name\":\"Matera: 6 powod\u00f3w dla kt\u00f3rych warto odwiedzi\u0107 skalne miasto na po\u0142udniu W\u0142och. Najwa\u017cniejsze atrakcje i punkty widokowe\"}]},{\"@type\":\"WebSite\",\"@id\":\"https:\/\/travelandeatpasta.com\/#website\",\"url\":\"https:\/\/travelandeatpasta.com\/\",\"name\":\"Travel and Eat Pasta - blog o podr\u00f3\u017cach po Europie, W\u0142ochach i najlepszych restauracjach\",\"description\":\"Blog o W\u0142oszech i podr\u00f3\u017cach po Europie i \u015bwiecie\",\"publisher\":{\"@id\":\"https:\/\/travelandeatpasta.com\/#\/schema\/person\/dfb3e875ac8bd2f4247599904ab790b6\"},\"potentialAction\":[{\"@type\":\"SearchAction\",\"target\":{\"@type\":\"EntryPoint\",\"urlTemplate\":\"https:\/\/travelandeatpasta.com\/?s={search_term_string}\"},\"query-input\":{\"@type\":\"PropertyValueSpecification\",\"valueRequired\":true,\"valueName\":\"search_term_string\"}}],\"inLanguage\":\"en-US\"},{\"@type\":[\"Person\",\"Organization\"],\"@id\":\"https:\/\/travelandeatpasta.com\/#\/schema\/person\/dfb3e875ac8bd2f4247599904ab790b6\",\"name\":\"travelandeatpasta.com\",\"image\":{\"@type\":\"ImageObject\",\"inLanguage\":\"en-US\",\"@id\":\"https:\/\/travelandeatpasta.com\/#\/schema\/person\/image\/\",\"url\":\"https:\/\/travelandeatpasta.com\/wp-content\/uploads\/2023\/11\/26eedf1b-81f1-46d2-806d-5c541849c820-1.png\",\"contentUrl\":\"https:\/\/travelandeatpasta.com\/wp-content\/uploads\/2023\/11\/26eedf1b-81f1-46d2-806d-5c541849c820-1.png\",\"width\":500,\"height\":500,\"caption\":\"travelandeatpasta.com\"},\"logo\":{\"@id\":\"https:\/\/travelandeatpasta.com\/#\/schema\/person\/image\/\"},\"description\":\"Hi, thank you for visiting me! Travel and Eat Pasta is a blog that was created to inspire and share places that I've visited. I love travelling, photography and creating content. In private, I split my life between Poland and Italy, so you will find a lot of inspiration from these two countries here!\",\"sameAs\":[\"http:\/\/travelandeatpasta.com\",\"https:\/\/www.instagram.com\/travelandeatpasta\/\"]},{\"@type\":\"Person\",\"@id\":\"https:\/\/travelandeatpasta.com\/#\/schema\/person\/61d527460ee9b1dd2cb3938571b8e49a\",\"name\":\"Andrea Moretti\",\"image\":{\"@type\":\"ImageObject\",\"inLanguage\":\"en-US\",\"@id\":\"https:\/\/travelandeatpasta.com\/#\/schema\/person\/image\/\",\"url\":\"https:\/\/secure.gravatar.com\/avatar\/c7bc45f1116f280ade9d7f4e4920cdfd?s=96&d=mm&r=g\",\"contentUrl\":\"https:\/\/secure.gravatar.com\/avatar\/c7bc45f1116f280ade9d7f4e4920cdfd?s=96&d=mm&r=g\",\"caption\":\"Andrea Moretti\"},\"url\":\"https:\/\/travelandeatpasta.com\/en\/author\/baby\/\"}]}<\/script>\n<!-- \/ Yoast SEO plugin. -->","yoast_head_json":{"title":"Matera: 6 powod\u00f3w dla kt\u00f3rych warto odwiedzi\u0107 skalne miasto na po\u0142udniu W\u0142och. Najwa\u017cniejsze atrakcje i punkty widokowe - Travel and Eat Pasta","robots":{"index":"index","follow":"follow","max-snippet":"max-snippet:-1","max-image-preview":"max-image-preview:large","max-video-preview":"max-video-preview:-1"},"canonical":"https:\/\/travelandeatpasta.com\/en\/matera-6-powodow-dla-ktorych-warto-odwiedzic-skalne-miasto-na-poludniu-wloch-najwazniejsze-atrakcje-i-punkty-widokowe\/","og_locale":"en_US","og_type":"article","og_title":"Matera: 6 powod\u00f3w dla kt\u00f3rych warto odwiedzi\u0107 skalne miasto na po\u0142udniu W\u0142och. Najwa\u017cniejsze atrakcje i punkty widokowe - Travel and Eat Pasta","og_description":"Matera to bez w\u0105tpienia ikoniczne miejsce i jedyne w swoim rodzaju. W tym wpisie znajdziesz 6 powod\u00f3w, dla kt\u00f3rych warto odwiedzi\u0107 to niezwyk\u0142e skalne miasto. Je\u015bli jeste\u015bcie w pobli\u017cu Bari to zdecydowanie polecam przyjecha\u0107 tutaj nawet na jeden dzie\u0144. To niezwyk\u0142e miejsce by\u0142o miejscem, kt\u00f3re zachwyci\u0142o niejednego re\u017cysera, a w 1993 roku zosta\u0142o wpisane na [&hellip;]","og_url":"https:\/\/travelandeatpasta.com\/en\/matera-6-powodow-dla-ktorych-warto-odwiedzic-skalne-miasto-na-poludniu-wloch-najwazniejsze-atrakcje-i-punkty-widokowe\/","og_site_name":"Travel and Eat Pasta","article_published_time":"2024-07-06T14:03:23+00:00","article_modified_time":"2024-12-12T20:56:58+00:00","og_image":[{"width":2560,"height":1707,"url":"https:\/\/travelandeatpasta.com\/wp-content\/uploads\/2024\/05\/DSC05470-scaled.jpg","type":"image\/jpeg"}],"author":"Andrea Moretti","twitter_card":"summary_large_image","twitter_misc":{"Written by":"Andrea Moretti","Est. reading time":"11 minutes"},"schema":{"@context":"https:\/\/schema.org","@graph":[{"@type":"Article","@id":"https:\/\/travelandeatpasta.com\/matera-6-powodow-dla-ktorych-warto-odwiedzic-skalne-miasto-na-poludniu-wloch-najwazniejsze-atrakcje-i-punkty-widokowe\/#article","isPartOf":{"@id":"https:\/\/travelandeatpasta.com\/matera-6-powodow-dla-ktorych-warto-odwiedzic-skalne-miasto-na-poludniu-wloch-najwazniejsze-atrakcje-i-punkty-widokowe\/"},"author":{"name":"Andrea Moretti","@id":"https:\/\/travelandeatpasta.com\/#\/schema\/person\/61d527460ee9b1dd2cb3938571b8e49a"},"headline":"Matera: 6 powod\u00f3w dla kt\u00f3rych warto odwiedzi\u0107 skalne miasto na po\u0142udniu W\u0142och. Najwa\u017cniejsze atrakcje i punkty widokowe","datePublished":"2024-07-06T14:03:23+00:00","dateModified":"2024-12-12T20:56:58+00:00","mainEntityOfPage":{"@id":"https:\/\/travelandeatpasta.com\/matera-6-powodow-dla-ktorych-warto-odwiedzic-skalne-miasto-na-poludniu-wloch-najwazniejsze-atrakcje-i-punkty-widokowe\/"},"wordCount":1982,"commentCount":0,"publisher":{"@id":"https:\/\/travelandeatpasta.com\/#\/schema\/person\/dfb3e875ac8bd2f4247599904ab790b6"},"image":{"@id":"https:\/\/travelandeatpasta.com\/matera-6-powodow-dla-ktorych-warto-odwiedzic-skalne-miasto-na-poludniu-wloch-najwazniejsze-atrakcje-i-punkty-widokowe\/#primaryimage"},"thumbnailUrl":"https:\/\/travelandeatpasta.com\/wp-content\/uploads\/2024\/05\/DSC05470-scaled.jpg","articleSection":["Felietony"],"inLanguage":"en-US","potentialAction":[{"@type":"CommentAction","name":"Comment","target":["https:\/\/travelandeatpasta.com\/matera-6-powodow-dla-ktorych-warto-odwiedzic-skalne-miasto-na-poludniu-wloch-najwazniejsze-atrakcje-i-punkty-widokowe\/#respond"]}]},{"@type":"WebPage","@id":"https:\/\/travelandeatpasta.com\/matera-6-powodow-dla-ktorych-warto-odwiedzic-skalne-miasto-na-poludniu-wloch-najwazniejsze-atrakcje-i-punkty-widokowe\/","url":"https:\/\/travelandeatpasta.com\/matera-6-powodow-dla-ktorych-warto-odwiedzic-skalne-miasto-na-poludniu-wloch-najwazniejsze-atrakcje-i-punkty-widokowe\/","name":"Matera: 6 powod\u00f3w dla kt\u00f3rych warto odwiedzi\u0107 skalne miasto na po\u0142udniu W\u0142och. Najwa\u017cniejsze atrakcje i punkty widokowe - Travel and Eat Pasta","isPartOf":{"@id":"https:\/\/travelandeatpasta.com\/#website"},"primaryImageOfPage":{"@id":"https:\/\/travelandeatpasta.com\/matera-6-powodow-dla-ktorych-warto-odwiedzic-skalne-miasto-na-poludniu-wloch-najwazniejsze-atrakcje-i-punkty-widokowe\/#primaryimage"},"image":{"@id":"https:\/\/travelandeatpasta.com\/matera-6-powodow-dla-ktorych-warto-odwiedzic-skalne-miasto-na-poludniu-wloch-najwazniejsze-atrakcje-i-punkty-widokowe\/#primaryimage"},"thumbnailUrl":"https:\/\/travelandeatpasta.com\/wp-content\/uploads\/2024\/05\/DSC05470-scaled.jpg","datePublished":"2024-07-06T14:03:23+00:00","dateModified":"2024-12-12T20:56:58+00:00","breadcrumb":{"@id":"https:\/\/travelandeatpasta.com\/matera-6-powodow-dla-ktorych-warto-odwiedzic-skalne-miasto-na-poludniu-wloch-najwazniejsze-atrakcje-i-punkty-widokowe\/#breadcrumb"},"inLanguage":"en-US","potentialAction":[{"@type":"ReadAction","target":["https:\/\/travelandeatpasta.com\/matera-6-powodow-dla-ktorych-warto-odwiedzic-skalne-miasto-na-poludniu-wloch-najwazniejsze-atrakcje-i-punkty-widokowe\/"]}]},{"@type":"ImageObject","inLanguage":"en-US","@id":"https:\/\/travelandeatpasta.com\/matera-6-powodow-dla-ktorych-warto-odwiedzic-skalne-miasto-na-poludniu-wloch-najwazniejsze-atrakcje-i-punkty-widokowe\/#primaryimage","url":"https:\/\/travelandeatpasta.com\/wp-content\/uploads\/2024\/05\/DSC05470-scaled.jpg","contentUrl":"https:\/\/travelandeatpasta.com\/wp-content\/uploads\/2024\/05\/DSC05470-scaled.jpg","width":2560,"height":1707,"caption":"Matera i widok na skalne miasto"},{"@type":"BreadcrumbList","@id":"https:\/\/travelandeatpasta.com\/matera-6-powodow-dla-ktorych-warto-odwiedzic-skalne-miasto-na-poludniu-wloch-najwazniejsze-atrakcje-i-punkty-widokowe\/#breadcrumb","itemListElement":[{"@type":"ListItem","position":1,"name":"Strona g\u0142\u00f3wna","item":"https:\/\/travelandeatpasta.com\/"},{"@type":"ListItem","position":2,"name":"Matera: 6 powod\u00f3w dla kt\u00f3rych warto odwiedzi\u0107 skalne miasto na po\u0142udniu W\u0142och. Najwa\u017cniejsze atrakcje i punkty widokowe"}]},{"@type":"WebSite","@id":"https:\/\/travelandeatpasta.com\/#website","url":"https:\/\/travelandeatpasta.com\/","name":"Travel and Eat Pasta - blog o podr\u00f3\u017cach po Europie, W\u0142ochach i najlepszych restauracjach","description":"Blog o W\u0142oszech i podr\u00f3\u017cach po Europie i \u015bwiecie","publisher":{"@id":"https:\/\/travelandeatpasta.com\/#\/schema\/person\/dfb3e875ac8bd2f4247599904ab790b6"},"potentialAction":[{"@type":"SearchAction","target":{"@type":"EntryPoint","urlTemplate":"https:\/\/travelandeatpasta.com\/?s={search_term_string}"},"query-input":{"@type":"PropertyValueSpecification","valueRequired":true,"valueName":"search_term_string"}}],"inLanguage":"en-US"},{"@type":["Person","Organization"],"@id":"https:\/\/travelandeatpasta.com\/#\/schema\/person\/dfb3e875ac8bd2f4247599904ab790b6","name":"travelandeatpasta.com","image":{"@type":"ImageObject","inLanguage":"en-US","@id":"https:\/\/travelandeatpasta.com\/#\/schema\/person\/image\/","url":"https:\/\/travelandeatpasta.com\/wp-content\/uploads\/2023\/11\/26eedf1b-81f1-46d2-806d-5c541849c820-1.png","contentUrl":"https:\/\/travelandeatpasta.com\/wp-content\/uploads\/2023\/11\/26eedf1b-81f1-46d2-806d-5c541849c820-1.png","width":500,"height":500,"caption":"travelandeatpasta.com"},"logo":{"@id":"https:\/\/travelandeatpasta.com\/#\/schema\/person\/image\/"},"description":"Hi, thank you for visiting me! Travel and Eat Pasta is a blog that was created to inspire and share places that I've visited. I love travelling, photography and creating content. In private, I split my life between Poland and Italy, so you will find a lot of inspiration from these two countries here!","sameAs":["http:\/\/travelandeatpasta.com","https:\/\/www.instagram.com\/travelandeatpasta\/"]},{"@type":"Person","@id":"https:\/\/travelandeatpasta.com\/#\/schema\/person\/61d527460ee9b1dd2cb3938571b8e49a","name":"Andrea Moretti","image":{"@type":"ImageObject","inLanguage":"en-US","@id":"https:\/\/travelandeatpasta.com\/#\/schema\/person\/image\/","url":"https:\/\/secure.gravatar.com\/avatar\/c7bc45f1116f280ade9d7f4e4920cdfd?s=96&d=mm&r=g","contentUrl":"https:\/\/secure.gravatar.com\/avatar\/c7bc45f1116f280ade9d7f4e4920cdfd?s=96&d=mm&r=g","caption":"Andrea Moretti"},"url":"https:\/\/travelandeatpasta.com\/en\/author\/baby\/"}]}},"_links":{"self":[{"href":"https:\/\/travelandeatpasta.com\/en\/wp-json\/wp\/v2\/posts\/5125","targetHints":{"allow":["GET"]}}],"collection":[{"href":"https:\/\/travelandeatpasta.com\/en\/wp-json\/wp\/v2\/posts"}],"about":[{"href":"https:\/\/travelandeatpasta.com\/en\/wp-json\/wp\/v2\/types\/post"}],"author":[{"embeddable":true,"href":"https:\/\/travelandeatpasta.com\/en\/wp-json\/wp\/v2\/users\/3"}],"replies":[{"embeddable":true,"href":"https:\/\/travelandeatpasta.com\/en\/wp-json\/wp\/v2\/comments?post=5125"}],"version-history":[{"count":26,"href":"https:\/\/travelandeatpasta.com\/en\/wp-json\/wp\/v2\/posts\/5125\/revisions"}],"predecessor-version":[{"id":11445,"href":"https:\/\/travelandeatpasta.com\/en\/wp-json\/wp\/v2\/posts\/5125\/revisions\/11445"}],"wp:featuredmedia":[{"embeddable":true,"href":"https:\/\/travelandeatpasta.com\/en\/wp-json\/wp\/v2\/media\/5045"}],"wp:attachment":[{"href":"https:\/\/travelandeatpasta.com\/en\/wp-json\/wp\/v2\/media?parent=5125"}],"wp:term":[{"taxonomy":"category","embeddable":true,"href":"https:\/\/travelandeatpasta.com\/en\/wp-json\/wp\/v2\/categories?post=5125"},{"taxonomy":"post_tag","embeddable":true,"href":"https:\/\/travelandeatpasta.com\/en\/wp-json\/wp\/v2\/tags?post=5125"}],"curies":[{"name":"wp","href":"https:\/\/api.w.org\/{rel}","templated":true}]}}